{"id":6731,"date":"2026-08-31T12:32:06","date_gmt":"2026-08-31T12:32:06","guid":{"rendered":"https:\/\/www.uditis.ch\/?p=6731"},"modified":"2026-09-01T12:36:30","modified_gmt":"2026-09-01T12:36:30","slug":"agilite-et-periodes-de-turbulences","status":"publish","type":"post","link":"https:\/\/www.uditis.ch\/en\/agilite-et-periodes-de-turbulences\/","title":{"rendered":"Agilit\u00e9 et p\u00e9riodes de turbulences : le mod\u00e8le UDITIS \u00e0 l&#8217;\u00e9preuve des vagues technologiques"},"content":{"rendered":"\n<p class=\"wp-block-paragraph\">Il y a dix ans, une r\u00e9volution technologique mettait plusieurs ann\u00e9es \u00e0 s&#8217;imposer. Aujourd&#8217;hui, les innovations s&#8217;encha\u00eenent \u00e0 un rythme soutenu. Cloud, cybers\u00e9curit\u00e9, intelligence artificielle : chaque \u00e9volution oblige les entreprises \u00e0 comprendre rapidement les enjeux, prendre des d\u00e9cisions et adapter leurs pratiques.<\/p>\n\n\n\n<p class=\"wp-block-paragraph\">Dans ce contexte, l&#8217;agilit\u00e9 n&#8217;est plus un simple concept manag\u00e9rial. Elle devient un v\u00e9ritable levier pour s&#8217;adapter et rester performant.<\/p>\n\n\n\n<p class=\"wp-block-paragraph\">Pour en parler, nous avons rencontr\u00e9 <strong>Yoann Jeunet<\/strong>, directeur d&#8217;UDITIS et membre du comit\u00e9 de la Fabrique de l&#8217;Agilit\u00e9.<\/p>\n\n\n\n<h2 class=\"wp-block-heading\">Des cycles technologiques toujours plus courts<\/h2>\n\n\n\n<blockquote class=\"wp-block-quote is-layout-flow wp-block-quote-is-layout-flow\">\n<p class=\"wp-block-paragraph\"><mark style=\"background-color:rgba(0, 0, 0, 0)\" class=\"has-inline-color has-main-color-color\">\u00ab L&#8217;informatique a toujours connu des vagues technologiques : Internet, le Cloud, l&#8217;IA&#8230; La diff\u00e9rence aujourd&#8217;hui, c&#8217;est qu&#8217;elles se succ\u00e8dent beaucoup plus rapidement. \u00bb<\/mark><\/p>\n<\/blockquote>\n\n\n\n<p class=\"wp-block-paragraph\">Pour une entreprise comme UDITIS, qui accompagne ses clients dans leurs transformations num\u00e9riques, cette acc\u00e9l\u00e9ration impose une capacit\u00e9 d&#8217;adaptation permanente. Les \u00e9quipes doivent pouvoir comprendre les changements, r\u00e9agir rapidement et apporter des r\u00e9ponses concr\u00e8tes aux clients sans \u00eatre frein\u00e9es par des processus d\u00e9cisionnels trop lourds.<\/p>\n\n\n\n<p class=\"wp-block-paragraph\"><mark style=\"background-color:rgba(0, 0, 0, 0)\" class=\"has-inline-color has-main-color-color\">\u00ab Nous voulons que les d\u00e9cisions puissent \u00eatre prises au bon niveau, rapidement et avec un impact direct pour les clients. \u00bb<\/mark><\/p>\n\n\n\n<p class=\"wp-block-paragraph\">Si les vagues technologiques s&#8217;encha\u00eenent plus vite, ce n&#8217;est donc pas seulement un d\u00e9fi technologique. C&#8217;est aussi un d\u00e9fi organisationnel. Pour s&#8217;adapter, les entreprises doivent \u00eatre capables de d\u00e9cider rapidement, sans pour autant renoncer \u00e0 la coh\u00e9rence et \u00e0 la gouvernance. C&#8217;est l\u00e0 que l&#8217;agilit\u00e9 prend tout son sens.<\/p>\n\n\n\n<h2 class=\"wp-block-heading\">L&#8217;agilit\u00e9 ne signifie pas moins de cadre<\/h2>\n\n\n\n<p class=\"wp-block-paragraph\">Contrairement \u00e0 une id\u00e9e re\u00e7ue, un fonctionnement agile ne repose pas sur l&#8217;improvisation.<\/p>\n\n\n\n<p class=\"wp-block-paragraph\">Chez UDITIS, l&#8217;organisation s&#8217;inspire de l&#8217;Holacracy\u00ae, dont elle a adapt\u00e9 les principes \u00e0 sa propre culture. Le mod\u00e8le repose sur des r\u00f4les clairement d\u00e9finis, des responsabilit\u00e9s explicites et des processus de d\u00e9cision structur\u00e9s.<\/p>\n\n\n\n<blockquote class=\"wp-block-quote is-layout-flow wp-block-quote-is-layout-flow\">\n<p class=\"wp-block-paragraph\"><mark style=\"background-color:rgba(0, 0, 0, 0)\" class=\"has-inline-color has-main-color-color\">\u00ab L&#8217;agilit\u00e9 telle que nous la pratiquons est tr\u00e8s cadr\u00e9e. Il existe des m\u00e9canismes pr\u00e9cis de responsabilit\u00e9, de d\u00e9l\u00e9gation et de prise de d\u00e9cision. \u00bb<\/mark><\/p>\n<\/blockquote>\n\n\n\n<p class=\"wp-block-paragraph\">La diff\u00e9rence avec une organisation plus traditionnelle r\u00e9side principalement dans la transparence. Les r\u00f4les et responsabilit\u00e9s ne reposent pas sur des habitudes implicites : ils sont document\u00e9s, accessibles et connus de tous. <em>\u00ab Dans beaucoup d&#8217;entreprises, une partie des responsabilit\u00e9s est implicite. Chez nous, elles sont formalis\u00e9es et visibles par chacun. \u00bb<\/em><\/p>\n\n\n\n<h2 class=\"wp-block-heading\">Timelead : la transparence au service du pilotage<\/h2>\n\n\n\n<p class=\"wp-block-paragraph\">Cette logique de transparence s&#8217;applique aussi \u00e0 la gestion du temps. UDITIS utilise en interne <strong><a href=\"https:\/\/www.uditis.ch\/services\/gestion-du-temps-et-des-projets\/\" target=\"_blank\" rel=\"noopener\">Timelead<\/a><\/strong>, sa propre solution SaaS de suivi des heures, et le principe est simple : c&#8217;est un livre ouvert o\u00f9 tout le monde peut voir sur quoi travaille tout le monde. L&#8217;objectif n&#8217;est pas de comptabiliser les heures pour elles-m\u00eames, mais de disposer d&#8217;une vision fiable de l&#8217;activit\u00e9 afin de mieux planifier et anticiper les besoins.<\/p>\n\n\n\n<blockquote class=\"wp-block-quote is-layout-flow wp-block-quote-is-layout-flow\">\n<p class=\"wp-block-paragraph\"><mark style=\"background-color:rgba(0, 0, 0, 0)\" class=\"has-inline-color has-main-color-color\">\u00ab Les heures saisies repr\u00e9sentent le pass\u00e9. Mais ce pass\u00e9 nous aide \u00e0 mieux anticiper le futur. Apr\u00e8s plusieurs ann\u00e9es d&#8217;historique, nous pouvons identifier des tendances et construire des projections fiables. \u00bb<\/mark><\/p>\n<\/blockquote>\n\n\n\n<p class=\"wp-block-paragraph\">Cette approche ne fonctionne cependant que dans un climat de confiance. <em>\u00ab Sans un cadre de bienveillance, une telle transparence serait difficile \u00e0 mettre en place \u00bb<\/em>, insiste Yoann Jeunet. C&#8217;est ce qui distingue la mesure du contr\u00f4le.<\/p>\n\n\n\n<p class=\"wp-block-paragraph\"><a href=\"https:\/\/www.uditis.ch\/services\/gestion-du-temps-et-des-projets\/\" target=\"_blank\" rel=\"noopener\">Timelead<\/a> s&#8217;adresse aussi bien aux organisations agiles qu&#8217;aux structures plus classiques. Les besoins restent les m\u00eames : comprendre o\u00f9 le temps est investi, piloter les ressources et disposer d&#8217;indicateurs fiables pour la prise de d\u00e9cision.<\/p>\n\n\n\n<h2 class=\"wp-block-heading\">Partager notre savoir-faire agile<\/h2>\n\n\n\n<p class=\"wp-block-paragraph\">Si UDITIS applique ce mod\u00e8le depuis plusieurs ann\u00e9es, l&#8217;entreprise n&#8217;a jamais cherch\u00e9 \u00e0 le commercialiser comme une prestation. Pourtant, les clients sont nombreux \u00e0 s&#8217;y int\u00e9resser. <em>\u00ab Les clients nous sollicitent r\u00e9guli\u00e8rement pour comprendre notre d\u00e9marche, les \u00e9tapes du parcours et les enseignements que nous en avons tir\u00e9s. \u00bb<\/em><\/p>\n\n\n\n<p class=\"wp-block-paragraph\">Cette volont\u00e9 de partage explique \u00e9galement l&#8217;engagement d&#8217;UDITIS au sein de la <strong>Fabrique de l&#8217;Agilit\u00e9<\/strong>, dont elle est membre fondateur. L&#8217;association rassemble des entreprises romandes qui confrontent leurs exp\u00e9riences de terrain avec les apports de la recherche acad\u00e9mique afin de faire progresser les pratiques organisationnelles.<\/p>\n\n\n\n<blockquote class=\"wp-block-quote is-layout-flow wp-block-quote-is-layout-flow\">\n<p class=\"wp-block-paragraph\"><mark style=\"background-color:rgba(0, 0, 0, 0)\" class=\"has-inline-color has-main-color-color\">\u00ab Notre conviction est simple : lorsque l&#8217;\u00e9cosyst\u00e8me r\u00e9gional se d\u00e9veloppe et fonctionne bien, tout le monde en b\u00e9n\u00e9ficie. \u00bb<\/mark><\/p>\n<\/blockquote>\n\n\n\n<h2 class=\"wp-block-heading\">Rendez-vous le 3 septembre 2026<\/h2>\n\n\n\n<p class=\"wp-block-paragraph\">La 5e conf\u00e9rence annuelle de la Fabrique de l&#8217;Agilit\u00e9 se tiendra le <strong>3 septembre 2026<\/strong> \u00e0 la <strong>HETS de Lausanne<\/strong> autour du th\u00e8me : <strong>\u00ab Interconnecter les intelligences : la force agile en p\u00e9riode trouble \u00bb<\/strong>. D\u00e9tails et informations : <a href=\"https:\/\/www.fablag.ch\/\">www.fablag.ch<\/a><\/p>\n\n\n\n<p class=\"wp-block-paragraph\">Au programme : conf\u00e9rences de qualit\u00e9 et ateliers pratiques destin\u00e9s aux dirigeants, responsables RH et managers.<\/p>\n\n\n\n<p class=\"wp-block-paragraph\"><em>\u00ab Les participants d\u00e9couvriront des retours d&#8217;exp\u00e9rience tr\u00e8s concrets : comment repenser la r\u00e9mun\u00e9ration dans un mod\u00e8le agile, organiser les \u00e9valuations ou structurer les \u00e9quipes autour des besoins clients. L&#8217;objectif est de partager des pratiques r\u00e9elles, applicables sur le terrain. \u00bb<\/em><\/p>\n\n\n\n<h3 class=\"wp-block-heading\">\u00c0 jeudi prochain !<\/h3>\n","protected":false},"excerpt":{"rendered":"<p>L&#8217;informatique a toujours connu des vagues technologiques : Internet, le Cloud, l&#8217;IA&#8230; La diff\u00e9rence aujourd&#8217;hui, c&#8217;est qu&#8217;elles se succ\u00e8dent beaucoup plus rapidement. <\/p>\n","protected":false},"author":2,"featured_media":6736,"comment_status":"closed","ping_status":"closed","sticky":false,"template":"","format":"standard","meta":{"_acf_changed":false,"footnotes":""},"categories":[35],"tags":[60,61],"class_list":["post-6731","post","type-post","status-publish","format-standard","has-post-thumbnail","hentry","category-expertise","tag-agilite","tag-timelead"],"acf":[],"aioseo_notices":[],"aioseo_head":"\n\t\t<!-- All in One SEO 5.0.1.1 - aioseo.com -->\n\t<meta name=\"description\" content=\"L&#039;informatique a toujours connu des vagues technologiques : Internet, le Cloud, l&#039;IA... La diff\u00e9rence aujourd&#039;hui, c&#039;est qu&#039;elles se succ\u00e8dent beaucoup plus rapidement.\" \/>\n\t<meta name=\"robots\" content=\"max-image-preview:large\" \/>\n\t<meta name=\"author\" content=\"ers\"\/>\n\t<link rel=\"canonical\" href=\"https:\/\/www.uditis.ch\/en\/agilite-et-periodes-de-turbulences\/\" \/>\n\t<meta name=\"generator\" content=\"All in One SEO (AIOSEO) 5.0.1.1\" \/>\n\t\t<meta property=\"og:locale\" content=\"en_US\" \/>\n\t\t<meta property=\"og:site_name\" content=\"UDITIS - Votre partenaire IT et DEV\" \/>\n\t\t<meta property=\"og:type\" content=\"article\" \/>\n\t\t<meta property=\"og:title\" content=\"Agilit\u00e9 et p\u00e9riodes de turbulences : le mod\u00e8le UDITIS \u00e0 l\u2019\u00e9preuve des vagues technologiques - UDITIS\" \/>\n\t\t<meta property=\"og:description\" content=\"L&#039;informatique a toujours connu des vagues technologiques : Internet, le Cloud, l&#039;IA... La diff\u00e9rence aujourd&#039;hui, c&#039;est qu&#039;elles se succ\u00e8dent beaucoup plus rapidement.\" \/>\n\t\t<meta property=\"og:url\" content=\"https:\/\/www.uditis.ch\/en\/agilite-et-periodes-de-turbulences\/\" \/>\n\t\t<meta property=\"og:image\" content=\"https:\/\/www.uditis.ch\/wp-content\/uploads\/og-uditis.png\" \/>\n\t\t<meta property=\"og:image:secure_url\" content=\"https:\/\/www.uditis.ch\/wp-content\/uploads\/og-uditis.png\" \/>\n\t\t<meta property=\"og:image:width\" content=\"1200\" \/>\n\t\t<meta property=\"og:image:height\" content=\"630\" \/>\n\t\t<meta property=\"article:published_time\" content=\"2026-08-31T12:32:06+00:00\" \/>\n\t\t<meta property=\"article:modified_time\" content=\"2026-09-01T12:36:30+00:00\" \/>\n\t\t<meta name=\"twitter:card\" content=\"summary_large_image\" \/>\n\t\t<meta name=\"twitter:title\" content=\"Agilit\u00e9 et p\u00e9riodes de turbulences : le mod\u00e8le UDITIS \u00e0 l\u2019\u00e9preuve des vagues technologiques - UDITIS\" \/>\n\t\t<meta name=\"twitter:description\" content=\"L&#039;informatique a toujours connu des vagues technologiques : Internet, le Cloud, l&#039;IA... La diff\u00e9rence aujourd&#039;hui, c&#039;est qu&#039;elles se succ\u00e8dent beaucoup plus rapidement.\" \/>\n\t\t<meta name=\"twitter:image\" content=\"https:\/\/www.uditis.ch\/wp-content\/uploads\/og-uditis.png\" \/>\n\t\t<script type=\"application\/ld+json\" class=\"aioseo-schema\">\n\t\t\t{\"@context\":\"https:\\\/\\\/schema.org\",\"@graph\":[{\"@type\":\"BlogPosting\",\"@id\":\"https:\\\/\\\/www.uditis.ch\\\/en\\\/agilite-et-periodes-de-turbulences\\\/#blogposting\",\"name\":\"Agilit\\u00e9 et p\\u00e9riodes de turbulences : le mod\\u00e8le UDITIS \\u00e0 l\\u2019\\u00e9preuve des vagues technologiques - UDITIS\",\"headline\":\"Agilit\\u00e9 et p\\u00e9riodes de turbulences : le mod\\u00e8le UDITIS \\u00e0 l&#8217;\\u00e9preuve des vagues technologiques\",\"author\":{\"@id\":\"https:\\\/\\\/www.uditis.ch\\\/en\\\/author\\\/ers\\\/#author\"},\"publisher\":{\"@id\":\"https:\\\/\\\/www.uditis.ch\\\/en\\\/#organization\"},\"image\":{\"@type\":\"ImageObject\",\"url\":\"https:\\\/\\\/www.uditis.ch\\\/wp-content\\\/uploads\\\/Agilite-et-vagues-technologiques.jpg\",\"width\":1000,\"height\":667},\"datePublished\":\"2026-08-31T12:32:06+00:00\",\"dateModified\":\"2026-09-01T12:36:30+00:00\",\"inLanguage\":\"en-US\",\"mainEntityOfPage\":{\"@id\":\"https:\\\/\\\/www.uditis.ch\\\/en\\\/agilite-et-periodes-de-turbulences\\\/#webpage\"},\"isPartOf\":{\"@id\":\"https:\\\/\\\/www.uditis.ch\\\/en\\\/agilite-et-periodes-de-turbulences\\\/#webpage\"},\"articleSection\":\"Expertise, Agilit\\u00e9, Timelead, Facultatif\"},{\"@type\":\"BreadcrumbList\",\"@id\":\"https:\\\/\\\/www.uditis.ch\\\/en\\\/agilite-et-periodes-de-turbulences\\\/#breadcrumblist\",\"itemListElement\":[{\"@type\":\"ListItem\",\"@id\":\"https:\\\/\\\/www.uditis.ch\\\/en\\\/#listItem\",\"position\":1,\"name\":\"Home\",\"item\":\"https:\\\/\\\/www.uditis.ch\\\/en\\\/\",\"nextItem\":{\"@type\":\"ListItem\",\"@id\":\"https:\\\/\\\/www.uditis.ch\\\/en\\\/category\\\/expertise\\\/#listItem\",\"name\":\"Expertise\"}},{\"@type\":\"ListItem\",\"@id\":\"https:\\\/\\\/www.uditis.ch\\\/en\\\/category\\\/expertise\\\/#listItem\",\"position\":2,\"name\":\"Expertise\",\"item\":\"https:\\\/\\\/www.uditis.ch\\\/en\\\/category\\\/expertise\\\/\",\"nextItem\":{\"@type\":\"ListItem\",\"@id\":\"https:\\\/\\\/www.uditis.ch\\\/en\\\/agilite-et-periodes-de-turbulences\\\/#listItem\",\"name\":\"Agilit\\u00e9 et p\\u00e9riodes de turbulences : le mod\\u00e8le UDITIS \\u00e0 l&#8217;\\u00e9preuve des vagues technologiques\"},\"previousItem\":{\"@type\":\"ListItem\",\"@id\":\"https:\\\/\\\/www.uditis.ch\\\/en\\\/#listItem\",\"name\":\"Home\"}},{\"@type\":\"ListItem\",\"@id\":\"https:\\\/\\\/www.uditis.ch\\\/en\\\/agilite-et-periodes-de-turbulences\\\/#listItem\",\"position\":3,\"name\":\"Agilit\\u00e9 et p\\u00e9riodes de turbulences : le mod\\u00e8le UDITIS \\u00e0 l&#8217;\\u00e9preuve des vagues technologiques\",\"previousItem\":{\"@type\":\"ListItem\",\"@id\":\"https:\\\/\\\/www.uditis.ch\\\/en\\\/category\\\/expertise\\\/#listItem\",\"name\":\"Expertise\"}}]},{\"@type\":\"Organization\",\"@id\":\"https:\\\/\\\/www.uditis.ch\\\/en\\\/#organization\",\"name\":\"UDITIS\",\"description\":\"Votre partenaire IT et DEV\",\"url\":\"https:\\\/\\\/www.uditis.ch\\\/en\\\/\"},{\"@type\":\"Person\",\"@id\":\"https:\\\/\\\/www.uditis.ch\\\/en\\\/author\\\/ers\\\/#author\",\"url\":\"https:\\\/\\\/www.uditis.ch\\\/en\\\/author\\\/ers\\\/\",\"name\":\"ers\",\"image\":{\"@type\":\"ImageObject\",\"@id\":\"https:\\\/\\\/www.uditis.ch\\\/en\\\/agilite-et-periodes-de-turbulences\\\/#authorImage\",\"url\":\"https:\\\/\\\/secure.gravatar.com\\\/avatar\\\/2761f95c738518ecf183de046e6a2ce689eebc124c765566a52f106c835dabde?s=96&d=mm&r=g\",\"width\":96,\"height\":96,\"caption\":\"ers\"}},{\"@type\":\"WebPage\",\"@id\":\"https:\\\/\\\/www.uditis.ch\\\/en\\\/agilite-et-periodes-de-turbulences\\\/#webpage\",\"url\":\"https:\\\/\\\/www.uditis.ch\\\/en\\\/agilite-et-periodes-de-turbulences\\\/\",\"name\":\"Agilit\\u00e9 et p\\u00e9riodes de turbulences : le mod\\u00e8le UDITIS \\u00e0 l\\u2019\\u00e9preuve des vagues technologiques - UDITIS\",\"description\":\"L'informatique a toujours connu des vagues technologiques : Internet, le Cloud, l'IA... La diff\\u00e9rence aujourd'hui, c'est qu'elles se succ\\u00e8dent beaucoup plus rapidement.\",\"inLanguage\":\"en-US\",\"isPartOf\":{\"@id\":\"https:\\\/\\\/www.uditis.ch\\\/en\\\/#website\"},\"breadcrumb\":{\"@id\":\"https:\\\/\\\/www.uditis.ch\\\/en\\\/agilite-et-periodes-de-turbulences\\\/#breadcrumblist\"},\"author\":{\"@id\":\"https:\\\/\\\/www.uditis.ch\\\/en\\\/author\\\/ers\\\/#author\"},\"creator\":{\"@id\":\"https:\\\/\\\/www.uditis.ch\\\/en\\\/author\\\/ers\\\/#author\"},\"image\":{\"@type\":\"ImageObject\",\"url\":\"https:\\\/\\\/www.uditis.ch\\\/wp-content\\\/uploads\\\/Agilite-et-vagues-technologiques.jpg\",\"@id\":\"https:\\\/\\\/www.uditis.ch\\\/en\\\/agilite-et-periodes-de-turbulences\\\/#mainImage\",\"width\":1000,\"height\":667},\"primaryImageOfPage\":{\"@id\":\"https:\\\/\\\/www.uditis.ch\\\/en\\\/agilite-et-periodes-de-turbulences\\\/#mainImage\"},\"datePublished\":\"2026-08-31T12:32:06+00:00\",\"dateModified\":\"2026-09-01T12:36:30+00:00\"},{\"@type\":\"WebSite\",\"@id\":\"https:\\\/\\\/www.uditis.ch\\\/en\\\/#website\",\"url\":\"https:\\\/\\\/www.uditis.ch\\\/en\\\/\",\"name\":\"UDITIS\",\"description\":\"Votre partenaire IT et DEV\",\"inLanguage\":\"en-US\",\"publisher\":{\"@id\":\"https:\\\/\\\/www.uditis.ch\\\/en\\\/#organization\"}}]}\n\t\t<\/script>\n\t\t<!-- All in One SEO -->\n\n","aioseo_head_json":{"title":"Agilit\u00e9 et p\u00e9riodes de turbulences : le mod\u00e8le UDITIS \u00e0 l\u2019\u00e9preuve des vagues technologiques - UDITIS","description":"L'informatique a toujours connu des vagues technologiques : Internet, le Cloud, l'IA... La diff\u00e9rence aujourd'hui, c'est qu'elles se succ\u00e8dent beaucoup plus rapidement.","canonical_url":"https:\/\/www.uditis.ch\/en\/agilite-et-periodes-de-turbulences\/","robots":"max-image-preview:large","keywords":"","webmasterTools":{"miscellaneous":""},"schema":{"@context":"https:\/\/schema.org","@graph":[{"@type":"BlogPosting","@id":"https:\/\/www.uditis.ch\/en\/agilite-et-periodes-de-turbulences\/#blogposting","name":"Agilit\u00e9 et p\u00e9riodes de turbulences : le mod\u00e8le UDITIS \u00e0 l\u2019\u00e9preuve des vagues technologiques - UDITIS","headline":"Agilit\u00e9 et p\u00e9riodes de turbulences : le mod\u00e8le UDITIS \u00e0 l&#8217;\u00e9preuve des vagues technologiques","author":{"@id":"https:\/\/www.uditis.ch\/en\/author\/ers\/#author"},"publisher":{"@id":"https:\/\/www.uditis.ch\/en\/#organization"},"image":{"@type":"ImageObject","url":"https:\/\/www.uditis.ch\/wp-content\/uploads\/Agilite-et-vagues-technologiques.jpg","width":1000,"height":667},"datePublished":"2026-08-31T12:32:06+00:00","dateModified":"2026-09-01T12:36:30+00:00","inLanguage":"en-US","mainEntityOfPage":{"@id":"https:\/\/www.uditis.ch\/en\/agilite-et-periodes-de-turbulences\/#webpage"},"isPartOf":{"@id":"https:\/\/www.uditis.ch\/en\/agilite-et-periodes-de-turbulences\/#webpage"},"articleSection":"Expertise, Agilit\u00e9, Timelead, Facultatif"},{"@type":"BreadcrumbList","@id":"https:\/\/www.uditis.ch\/en\/agilite-et-periodes-de-turbulences\/#breadcrumblist","itemListElement":[{"@type":"ListItem","@id":"https:\/\/www.uditis.ch\/en\/#listItem","position":1,"name":"Home","item":"https:\/\/www.uditis.ch\/en\/","nextItem":{"@type":"ListItem","@id":"https:\/\/www.uditis.ch\/en\/category\/expertise\/#listItem","name":"Expertise"}},{"@type":"ListItem","@id":"https:\/\/www.uditis.ch\/en\/category\/expertise\/#listItem","position":2,"name":"Expertise","item":"https:\/\/www.uditis.ch\/en\/category\/expertise\/","nextItem":{"@type":"ListItem","@id":"https:\/\/www.uditis.ch\/en\/agilite-et-periodes-de-turbulences\/#listItem","name":"Agilit\u00e9 et p\u00e9riodes de turbulences : le mod\u00e8le UDITIS \u00e0 l&#8217;\u00e9preuve des vagues technologiques"},"previousItem":{"@type":"ListItem","@id":"https:\/\/www.uditis.ch\/en\/#listItem","name":"Home"}},{"@type":"ListItem","@id":"https:\/\/www.uditis.ch\/en\/agilite-et-periodes-de-turbulences\/#listItem","position":3,"name":"Agilit\u00e9 et p\u00e9riodes de turbulences : le mod\u00e8le UDITIS \u00e0 l&#8217;\u00e9preuve des vagues technologiques","previousItem":{"@type":"ListItem","@id":"https:\/\/www.uditis.ch\/en\/category\/expertise\/#listItem","name":"Expertise"}}]},{"@type":"Organization","@id":"https:\/\/www.uditis.ch\/en\/#organization","name":"UDITIS","description":"Votre partenaire IT et DEV","url":"https:\/\/www.uditis.ch\/en\/"},{"@type":"Person","@id":"https:\/\/www.uditis.ch\/en\/author\/ers\/#author","url":"https:\/\/www.uditis.ch\/en\/author\/ers\/","name":"ers","image":{"@type":"ImageObject","@id":"https:\/\/www.uditis.ch\/en\/agilite-et-periodes-de-turbulences\/#authorImage","url":"https:\/\/secure.gravatar.com\/avatar\/2761f95c738518ecf183de046e6a2ce689eebc124c765566a52f106c835dabde?s=96&d=mm&r=g","width":96,"height":96,"caption":"ers"}},{"@type":"WebPage","@id":"https:\/\/www.uditis.ch\/en\/agilite-et-periodes-de-turbulences\/#webpage","url":"https:\/\/www.uditis.ch\/en\/agilite-et-periodes-de-turbulences\/","name":"Agilit\u00e9 et p\u00e9riodes de turbulences : le mod\u00e8le UDITIS \u00e0 l\u2019\u00e9preuve des vagues technologiques - UDITIS","description":"L'informatique a toujours connu des vagues technologiques : Internet, le Cloud, l'IA... La diff\u00e9rence aujourd'hui, c'est qu'elles se succ\u00e8dent beaucoup plus rapidement.","inLanguage":"en-US","isPartOf":{"@id":"https:\/\/www.uditis.ch\/en\/#website"},"breadcrumb":{"@id":"https:\/\/www.uditis.ch\/en\/agilite-et-periodes-de-turbulences\/#breadcrumblist"},"author":{"@id":"https:\/\/www.uditis.ch\/en\/author\/ers\/#author"},"creator":{"@id":"https:\/\/www.uditis.ch\/en\/author\/ers\/#author"},"image":{"@type":"ImageObject","url":"https:\/\/www.uditis.ch\/wp-content\/uploads\/Agilite-et-vagues-technologiques.jpg","@id":"https:\/\/www.uditis.ch\/en\/agilite-et-periodes-de-turbulences\/#mainImage","width":1000,"height":667},"primaryImageOfPage":{"@id":"https:\/\/www.uditis.ch\/en\/agilite-et-periodes-de-turbulences\/#mainImage"},"datePublished":"2026-08-31T12:32:06+00:00","dateModified":"2026-09-01T12:36:30+00:00"},{"@type":"WebSite","@id":"https:\/\/www.uditis.ch\/en\/#website","url":"https:\/\/www.uditis.ch\/en\/","name":"UDITIS","description":"Votre partenaire IT et DEV","inLanguage":"en-US","publisher":{"@id":"https:\/\/www.uditis.ch\/en\/#organization"}}]},"og:locale":"en_US","og:site_name":"UDITIS - Votre partenaire IT et DEV","og:type":"article","og:title":"Agilit\u00e9 et p\u00e9riodes de turbulences : le mod\u00e8le UDITIS \u00e0 l\u2019\u00e9preuve des vagues technologiques - UDITIS","og:description":"L'informatique a toujours connu des vagues technologiques : Internet, le Cloud, l'IA... La diff\u00e9rence aujourd'hui, c'est qu'elles se succ\u00e8dent beaucoup plus rapidement.","og:url":"https:\/\/www.uditis.ch\/en\/agilite-et-periodes-de-turbulences\/","og:image":"https:\/\/www.uditis.ch\/wp-content\/uploads\/og-uditis.png","og:image:secure_url":"https:\/\/www.uditis.ch\/wp-content\/uploads\/og-uditis.png","og:image:width":1200,"og:image:height":630,"article:published_time":"2026-08-31T12:32:06+00:00","article:modified_time":"2026-09-01T12:36:30+00:00","twitter:card":"summary_large_image","twitter:title":"Agilit\u00e9 et p\u00e9riodes de turbulences : le mod\u00e8le UDITIS \u00e0 l\u2019\u00e9preuve des vagues technologiques - UDITIS","twitter:description":"L'informatique a toujours connu des vagues technologiques : Internet, le Cloud, l'IA... La diff\u00e9rence aujourd'hui, c'est qu'elles se succ\u00e8dent beaucoup plus rapidement.","twitter:image":"https:\/\/www.uditis.ch\/wp-content\/uploads\/og-uditis.png"},"aioseo_meta_data":{"post_id":"6731","title":null,"description":null,"keywords":null,"keyphrases":{"focus":{"keyphrase":"","score":0,"analysis":{"keyphraseInTitle":{"score":0,"maxScore":9,"error":1}}},"additional":[]},"primary_term":null,"canonical_url":null,"og_title":null,"og_description":null,"og_object_type":"default","og_image_type":"default","og_image_url":null,"og_image_width":null,"og_image_height":null,"og_image_custom_url":null,"og_image_custom_fields":null,"og_video":"","og_custom_url":null,"og_article_section":null,"og_article_tags":null,"twitter_use_og":false,"twitter_card":"default","twitter_image_type":"default","twitter_image_url":null,"twitter_image_custom_url":null,"twitter_image_custom_fields":null,"twitter_title":null,"twitter_description":null,"schema":{"blockGraphs":[],"customGraphs":[],"default":{"data":{"Article":[],"Course":[],"Dataset":[],"FAQPage":[],"Movie":[],"Person":[],"Product":[],"ProductReview":[],"Car":[],"Recipe":[],"Service":[],"SoftwareApplication":[],"WebPage":[]},"graphName":"BlogPosting","isEnabled":true},"graphs":[]},"schema_type":"default","schema_type_options":null,"pillar_content":false,"robots_default":true,"robots_noindex":false,"robots_noarchive":false,"robots_nosnippet":false,"robots_nofollow":false,"robots_noimageindex":false,"robots_noodp":false,"robots_notranslate":false,"robots_max_snippet":"-1","robots_max_videopreview":"-1","robots_max_imagepreview":"large","priority":null,"frequency":"default","local_seo":null,"breadcrumb_settings":null,"limit_modified_date":false,"ai":{"faqs":[],"keyPoints":[],"schemas":[],"titles":[],"descriptions":[],"socialPosts":{"email":{"subject":"","preview":"","content":""},"linkedin":[],"twitter":[],"facebook":[],"instagram":[]}},"created":"2026-08-31 13:46:52","updated":"2026-09-01 13:07:23","seo_analyzer_scan_date":null,"focus_keyword":null,"additional_keywords":null,"truseo_locale":null},"aioseo_breadcrumb":"<div class=\"aioseo-breadcrumbs\"><span class=\"aioseo-breadcrumb\">\n\t\t\t<a href=\"https:\/\/www.uditis.ch\/en\/\" title=\"Home\">Home<\/a>\n\t\t<\/span><span class=\"aioseo-breadcrumb-separator\">&raquo;<\/span><span class=\"aioseo-breadcrumb\">\n\t\t\t<a href=\"https:\/\/www.uditis.ch\/en\/category\/expertise\/\" title=\"Expertise\">Expertise<\/a>\n\t\t<\/span><span class=\"aioseo-breadcrumb-separator\">&raquo;<\/span><span class=\"aioseo-breadcrumb\">\n\t\t\tAgilit\u00e9 et p\u00e9riodes de turbulences : le mod\u00e8le UDITIS \u00e0 l\u2019\u00e9preuve des vagues technologiques\n\t\t<\/span><\/div>","aioseo_breadcrumb_json":[{"label":"Home","link":"https:\/\/www.uditis.ch\/en\/"},{"label":"Expertise","link":"https:\/\/www.uditis.ch\/en\/category\/expertise\/"},{"label":"Agilit\u00e9 et p\u00e9riodes de turbulences : le mod\u00e8le UDITIS \u00e0 l&#8217;\u00e9preuve des vagues technologiques","link":"https:\/\/www.uditis.ch\/en\/agilite-et-periodes-de-turbulences\/"}],"_links":{"self":[{"href":"https:\/\/www.uditis.ch\/en\/wp-json\/wp\/v2\/posts\/6731","targetHints":{"allow":["GET"]}}],"collection":[{"href":"https:\/\/www.uditis.ch\/en\/wp-json\/wp\/v2\/posts"}],"about":[{"href":"https:\/\/www.uditis.ch\/en\/wp-json\/wp\/v2\/types\/post"}],"author":[{"embeddable":true,"href":"https:\/\/www.uditis.ch\/en\/wp-json\/wp\/v2\/users\/2"}],"replies":[{"embeddable":true,"href":"https:\/\/www.uditis.ch\/en\/wp-json\/wp\/v2\/comments?post=6731"}],"version-history":[{"count":8,"href":"https:\/\/www.uditis.ch\/en\/wp-json\/wp\/v2\/posts\/6731\/revisions"}],"predecessor-version":[{"id":6740,"href":"https:\/\/www.uditis.ch\/en\/wp-json\/wp\/v2\/posts\/6731\/revisions\/6740"}],"wp:featuredmedia":[{"embeddable":true,"href":"https:\/\/www.uditis.ch\/en\/wp-json\/wp\/v2\/media\/6736"}],"wp:attachment":[{"href":"https:\/\/www.uditis.ch\/en\/wp-json\/wp\/v2\/media?parent=6731"}],"wp:term":[{"taxonomy":"category","embeddable":true,"href":"https:\/\/www.uditis.ch\/en\/wp-json\/wp\/v2\/categories?post=6731"},{"taxonomy":"post_tag","embeddable":true,"href":"https:\/\/www.uditis.ch\/en\/wp-json\/wp\/v2\/tags?post=6731"}],"curies":[{"name":"wp","href":"https:\/\/api.w.org\/{rel}","templated":true}]}}